{"id":1206,"date":"2021-09-21T13:45:57","date_gmt":"2021-09-21T13:45:57","guid":{"rendered":"https:\/\/june-paris.com\/?p=1206"},"modified":"2021-09-29T09:35:33","modified_gmt":"2021-09-29T09:35:33","slug":"le-feminin-sacre","status":"publish","type":"post","link":"https:\/\/june-paris.com\/en\/le-feminin-sacre\/","title":{"rendered":"Le F\u00e9minin Sacr\u00e9"},"content":{"rendered":"<p>Vous n\u2019\u00eates certainement pas pass\u00e9 \u00e0 cot\u00e9 de ce \u00ab\u00a0terme\u00a0tendance\u00a0\u00bb du moment.<br \/>\nMais de quoi s\u2019agit-il exactement ? Globalement, le f\u00e9minin sacr\u00e9 : \u00ab The Sacred Feminine \u00bb en anglais est l\u2019id\u00e9e d\u2019une \u00e9nergie f\u00e9minine qui \u00e9voque la puissance de la femme dans toute sa dimension, divine. Il s\u2019agit d\u2019une connexion ou plut\u00f4t d\u2019une reconnexion \u00e0 notre essence f\u00e9minine dans sa globalit\u00e9, son \u00e9nergie, sa force, sa libert\u00e9, son intuition, son c\u0153ur.<\/p>\n<p>S\u2019\u00e9couter, s\u2019accomplir pour retrouver toute sa puissance, s\u2019encourager \u00e0 devenir soi-m\u00eame. Tout cela \u00e0 travers l\u2019\u00e9coute du psychique mais aussi du corps, (car le corps sait toujours) notamment via nos cycles&#8230; Le F\u00e9minin Sacr\u00e9 c\u2019est l\u2019id\u00e9e d\u2019une source d\u2019\u00e9nergie, puissante, connect\u00e9e et li\u00e9e \u00e0 la Lune&#8230; Incarnation du pouvoir f\u00e9minin notamment de part ses cycles similaires aux n\u00f4tres. C\u2019est l\u2019id\u00e9e de se donner des moments pour soi, seule ou entour\u00e9e d\u2019autres femmes, par exemple \u00e0 travers des rituels qui r\u00e9v\u00e8lent toute la magie de notre d\u00e9esse int\u00e9rieure.<\/p>\n<div id=\"attachment_1207\" style=\"width: 582px\" class=\"wp-caption aligncenter\"><img loading=\"lazy\" decoding=\"async\" aria-describedby=\"caption-attachment-1207\" class=\"wp-image-1207\" src=\"https:\/\/june-paris.com\/wp-content\/uploads\/2021\/09\/feminin-sacre.jpg\" alt=\"\" width=\"572\" height=\"713\" srcset=\"https:\/\/june-paris.com\/wp-content\/uploads\/2021\/09\/feminin-sacre.jpg 750w, https:\/\/june-paris.com\/wp-content\/uploads\/2021\/09\/feminin-sacre-241x300.jpg 241w, https:\/\/june-paris.com\/wp-content\/uploads\/2021\/09\/feminin-sacre-10x12.jpg 10w\" sizes=\"auto, (max-width: 572px) 100vw, 572px\" \/><p id=\"caption-attachment-1207\" class=\"wp-caption-text\"><a href=\"https:\/\/www.instagram.com\/katja.perez\/?hl=fr\">@katja.perez<\/a><\/p><\/div>","protected":false},"excerpt":{"rendered":"<p>Vous n\u2019\u00eates certainement pas pass\u00e9 \u00e0 cot\u00e9 de ce \u00ab\u00a0terme\u00a0tendance\u00a0\u00bb du moment. Mais de quoi s\u2019agit-il exactement ? Globalement, le [&hellip;]<\/p>","protected":false},"author":52,"featured_media":1207,"comment_status":"open","ping_status":"open","sticky":false,"template":"","format":"standard","meta":{"footnotes":""},"categories":[35],"tags":[],"class_list":["post-1206","post","type-post","status-publish","format-standard","has-post-thumbnail","hentry","category-blog"],"yoast_head":"<!-- This site is optimized with the Yoast SEO plugin v25.6 - https:\/\/yoast.com\/wordpress\/plugins\/seo\/ -->\n<title>Le F\u00e9minin Sacr\u00e9 - June Paris<\/title>\n<meta name=\"description\" content=\"Vous n\u2019\u00eates certainement pas pass\u00e9 \u00e0 cot\u00e9 de ce \u00ab\u00a0terme\u00a0tendance\u00a0\u00bb qu&#039;est le f\u00e9minin sacr\u00e9. Mais de quoi s\u2019agit-il exactement ?\" \/>\n<meta name=\"robots\" content=\"index, follow, max-snippet:-1, max-image-preview:large, max-video-preview:-1\" \/>\n<link rel=\"canonical\" href=\"https:\/\/june-paris.com\/en\/le-feminin-sacre\/\" \/>\n<meta property=\"og:locale\" content=\"en_US\" \/>\n<meta property=\"og:type\" content=\"article\" \/>\n<meta property=\"og:title\" content=\"Le F\u00e9minin Sacr\u00e9 - June Paris\" \/>\n<meta property=\"og:description\" content=\"Vous n\u2019\u00eates certainement pas pass\u00e9 \u00e0 cot\u00e9 de ce \u00ab\u00a0terme\u00a0tendance\u00a0\u00bb qu&#039;est le f\u00e9minin sacr\u00e9. Mais de quoi s\u2019agit-il exactement ?\" \/>\n<meta property=\"og:url\" content=\"https:\/\/june-paris.com\/en\/le-feminin-sacre\/\" \/>\n<meta property=\"og:site_name\" content=\"June Paris\" \/>\n<meta property=\"article:published_time\" content=\"2021-09-21T13:45:57+00:00\" \/>\n<meta property=\"article:modified_time\" content=\"2021-09-29T09:35:33+00:00\" \/>\n<meta property=\"og:image\" content=\"https:\/\/june-paris.com\/wp-content\/uploads\/2021\/09\/feminin-sacre.jpg\" \/>\n\t<meta property=\"og:image:width\" content=\"750\" \/>\n\t<meta property=\"og:image:height\" content=\"934\" \/>\n\t<meta property=\"og:image:type\" content=\"image\/jpeg\" \/>\n<meta name=\"author\" content=\"Emmy SAURET\" \/>\n<meta name=\"twitter:card\" content=\"summary_large_image\" \/>\n<meta name=\"twitter:label1\" content=\"Written by\" \/>\n\t<meta name=\"twitter:data1\" content=\"Emmy SAURET\" \/>\n\t<meta name=\"twitter:label2\" content=\"Est. reading time\" \/>\n\t<meta name=\"twitter:data2\" content=\"1 minute\" \/>\n<script type=\"application\/ld+json\" class=\"yoast-schema-graph\">{\"@context\":\"https:\/\/schema.org\",\"@graph\":[{\"@type\":\"Article\",\"@id\":\"https:\/\/june-paris.com\/le-feminin-sacre\/#article\",\"isPartOf\":{\"@id\":\"https:\/\/june-paris.com\/le-feminin-sacre\/\"},\"author\":{\"name\":\"Emmy SAURET\",\"@id\":\"https:\/\/june-paris.com\/#\/schema\/person\/840469228fc5441a9084956e918e76a3\"},\"headline\":\"Le F\u00e9minin Sacr\u00e9\",\"datePublished\":\"2021-09-21T13:45:57+00:00\",\"dateModified\":\"2021-09-29T09:35:33+00:00\",\"mainEntityOfPage\":{\"@id\":\"https:\/\/june-paris.com\/le-feminin-sacre\/\"},\"wordCount\":200,\"commentCount\":0,\"publisher\":{\"@id\":\"https:\/\/june-paris.com\/#organization\"},\"image\":{\"@id\":\"https:\/\/june-paris.com\/le-feminin-sacre\/#primaryimage\"},\"thumbnailUrl\":\"https:\/\/june-paris.com\/wp-content\/uploads\/2021\/09\/feminin-sacre.jpg\",\"articleSection\":[\"LE BLOG\"],\"inLanguage\":\"en-US\",\"potentialAction\":[{\"@type\":\"CommentAction\",\"name\":\"Comment\",\"target\":[\"https:\/\/june-paris.com\/le-feminin-sacre\/#respond\"]}]},{\"@type\":\"WebPage\",\"@id\":\"https:\/\/june-paris.com\/le-feminin-sacre\/\",\"url\":\"https:\/\/june-paris.com\/le-feminin-sacre\/\",\"name\":\"Le F\u00e9minin Sacr\u00e9 - June Paris\",\"isPartOf\":{\"@id\":\"https:\/\/june-paris.com\/#website\"},\"primaryImageOfPage\":{\"@id\":\"https:\/\/june-paris.com\/le-feminin-sacre\/#primaryimage\"},\"image\":{\"@id\":\"https:\/\/june-paris.com\/le-feminin-sacre\/#primaryimage\"},\"thumbnailUrl\":\"https:\/\/june-paris.com\/wp-content\/uploads\/2021\/09\/feminin-sacre.jpg\",\"datePublished\":\"2021-09-21T13:45:57+00:00\",\"dateModified\":\"2021-09-29T09:35:33+00:00\",\"description\":\"Vous n\u2019\u00eates certainement pas pass\u00e9 \u00e0 cot\u00e9 de ce \u00ab\u00a0terme\u00a0tendance\u00a0\u00bb qu'est le f\u00e9minin sacr\u00e9. Mais de quoi s\u2019agit-il exactement ?\",\"breadcrumb\":{\"@id\":\"https:\/\/june-paris.com\/le-feminin-sacre\/#breadcrumb\"},\"inLanguage\":\"en-US\",\"potentialAction\":[{\"@type\":\"ReadAction\",\"target\":[\"https:\/\/june-paris.com\/le-feminin-sacre\/\"]}]},{\"@type\":\"ImageObject\",\"inLanguage\":\"en-US\",\"@id\":\"https:\/\/june-paris.com\/le-feminin-sacre\/#primaryimage\",\"url\":\"https:\/\/june-paris.com\/wp-content\/uploads\/2021\/09\/feminin-sacre.jpg\",\"contentUrl\":\"https:\/\/june-paris.com\/wp-content\/uploads\/2021\/09\/feminin-sacre.jpg\",\"width\":750,\"height\":934},{\"@type\":\"BreadcrumbList\",\"@id\":\"https:\/\/june-paris.com\/le-feminin-sacre\/#breadcrumb\",\"itemListElement\":[{\"@type\":\"ListItem\",\"position\":1,\"name\":\"Accueil\",\"item\":\"https:\/\/june-paris.com\/\"},{\"@type\":\"ListItem\",\"position\":2,\"name\":\"Le F\u00e9minin Sacr\u00e9\"}]},{\"@type\":\"WebSite\",\"@id\":\"https:\/\/june-paris.com\/#website\",\"url\":\"https:\/\/june-paris.com\/\",\"name\":\"June Paris\",\"description\":\"\",\"publisher\":{\"@id\":\"https:\/\/june-paris.com\/#organization\"},\"potentialAction\":[{\"@type\":\"SearchAction\",\"target\":{\"@type\":\"EntryPoint\",\"urlTemplate\":\"https:\/\/june-paris.com\/?s={search_term_string}\"},\"query-input\":{\"@type\":\"PropertyValueSpecification\",\"valueRequired\":true,\"valueName\":\"search_term_string\"}}],\"inLanguage\":\"en-US\"},{\"@type\":\"Organization\",\"@id\":\"https:\/\/june-paris.com\/#organization\",\"name\":\"Laugh of the moon\",\"url\":\"https:\/\/june-paris.com\/\",\"logo\":{\"@type\":\"ImageObject\",\"inLanguage\":\"en-US\",\"@id\":\"https:\/\/june-paris.com\/#\/schema\/logo\/image\/\",\"url\":\"https:\/\/june-paris.com\/wp-content\/uploads\/2021\/03\/logofini.png\",\"contentUrl\":\"https:\/\/june-paris.com\/wp-content\/uploads\/2021\/03\/logofini.png\",\"width\":250,\"height\":48,\"caption\":\"Laugh of the moon\"},\"image\":{\"@id\":\"https:\/\/june-paris.com\/#\/schema\/logo\/image\/\"}},{\"@type\":\"Person\",\"@id\":\"https:\/\/june-paris.com\/#\/schema\/person\/840469228fc5441a9084956e918e76a3\",\"name\":\"Emmy SAURET\",\"image\":{\"@type\":\"ImageObject\",\"inLanguage\":\"en-US\",\"@id\":\"https:\/\/june-paris.com\/#\/schema\/person\/image\/\",\"url\":\"https:\/\/secure.gravatar.com\/avatar\/0c0ac93c30be669b7243224eb448ab9e8bcad31d3b98efd4701a29906179b04f?s=96&d=mm&r=g\",\"contentUrl\":\"https:\/\/secure.gravatar.com\/avatar\/0c0ac93c30be669b7243224eb448ab9e8bcad31d3b98efd4701a29906179b04f?s=96&d=mm&r=g\",\"caption\":\"Emmy SAURET\"}}]}<\/script>\n<!-- \/ Yoast SEO plugin. -->","yoast_head_json":{"title":"Le F\u00e9minin Sacr\u00e9 - June Paris","description":"Vous n\u2019\u00eates certainement pas pass\u00e9 \u00e0 cot\u00e9 de ce \u00ab\u00a0terme\u00a0tendance\u00a0\u00bb qu'est le f\u00e9minin sacr\u00e9. Mais de quoi s\u2019agit-il exactement ?","robots":{"index":"index","follow":"follow","max-snippet":"max-snippet:-1","max-image-preview":"max-image-preview:large","max-video-preview":"max-video-preview:-1"},"canonical":"https:\/\/june-paris.com\/en\/le-feminin-sacre\/","og_locale":"en_US","og_type":"article","og_title":"Le F\u00e9minin Sacr\u00e9 - June Paris","og_description":"Vous n\u2019\u00eates certainement pas pass\u00e9 \u00e0 cot\u00e9 de ce \u00ab\u00a0terme\u00a0tendance\u00a0\u00bb qu'est le f\u00e9minin sacr\u00e9. Mais de quoi s\u2019agit-il exactement ?","og_url":"https:\/\/june-paris.com\/en\/le-feminin-sacre\/","og_site_name":"June Paris","article_published_time":"2021-09-21T13:45:57+00:00","article_modified_time":"2021-09-29T09:35:33+00:00","og_image":[{"width":750,"height":934,"url":"https:\/\/june-paris.com\/wp-content\/uploads\/2021\/09\/feminin-sacre.jpg","type":"image\/jpeg"}],"author":"Emmy SAURET","twitter_card":"summary_large_image","twitter_misc":{"Written by":"Emmy SAURET","Est. reading time":"1 minute"},"schema":{"@context":"https:\/\/schema.org","@graph":[{"@type":"Article","@id":"https:\/\/june-paris.com\/le-feminin-sacre\/#article","isPartOf":{"@id":"https:\/\/june-paris.com\/le-feminin-sacre\/"},"author":{"name":"Emmy SAURET","@id":"https:\/\/june-paris.com\/#\/schema\/person\/840469228fc5441a9084956e918e76a3"},"headline":"Le F\u00e9minin Sacr\u00e9","datePublished":"2021-09-21T13:45:57+00:00","dateModified":"2021-09-29T09:35:33+00:00","mainEntityOfPage":{"@id":"https:\/\/june-paris.com\/le-feminin-sacre\/"},"wordCount":200,"commentCount":0,"publisher":{"@id":"https:\/\/june-paris.com\/#organization"},"image":{"@id":"https:\/\/june-paris.com\/le-feminin-sacre\/#primaryimage"},"thumbnailUrl":"https:\/\/june-paris.com\/wp-content\/uploads\/2021\/09\/feminin-sacre.jpg","articleSection":["LE BLOG"],"inLanguage":"en-US","potentialAction":[{"@type":"CommentAction","name":"Comment","target":["https:\/\/june-paris.com\/le-feminin-sacre\/#respond"]}]},{"@type":"WebPage","@id":"https:\/\/june-paris.com\/le-feminin-sacre\/","url":"https:\/\/june-paris.com\/le-feminin-sacre\/","name":"Le F\u00e9minin Sacr\u00e9 - June Paris","isPartOf":{"@id":"https:\/\/june-paris.com\/#website"},"primaryImageOfPage":{"@id":"https:\/\/june-paris.com\/le-feminin-sacre\/#primaryimage"},"image":{"@id":"https:\/\/june-paris.com\/le-feminin-sacre\/#primaryimage"},"thumbnailUrl":"https:\/\/june-paris.com\/wp-content\/uploads\/2021\/09\/feminin-sacre.jpg","datePublished":"2021-09-21T13:45:57+00:00","dateModified":"2021-09-29T09:35:33+00:00","description":"Vous n\u2019\u00eates certainement pas pass\u00e9 \u00e0 cot\u00e9 de ce \u00ab\u00a0terme\u00a0tendance\u00a0\u00bb qu'est le f\u00e9minin sacr\u00e9. Mais de quoi s\u2019agit-il exactement ?","breadcrumb":{"@id":"https:\/\/june-paris.com\/le-feminin-sacre\/#breadcrumb"},"inLanguage":"en-US","potentialAction":[{"@type":"ReadAction","target":["https:\/\/june-paris.com\/le-feminin-sacre\/"]}]},{"@type":"ImageObject","inLanguage":"en-US","@id":"https:\/\/june-paris.com\/le-feminin-sacre\/#primaryimage","url":"https:\/\/june-paris.com\/wp-content\/uploads\/2021\/09\/feminin-sacre.jpg","contentUrl":"https:\/\/june-paris.com\/wp-content\/uploads\/2021\/09\/feminin-sacre.jpg","width":750,"height":934},{"@type":"BreadcrumbList","@id":"https:\/\/june-paris.com\/le-feminin-sacre\/#breadcrumb","itemListElement":[{"@type":"ListItem","position":1,"name":"Accueil","item":"https:\/\/june-paris.com\/"},{"@type":"ListItem","position":2,"name":"Le F\u00e9minin Sacr\u00e9"}]},{"@type":"WebSite","@id":"https:\/\/june-paris.com\/#website","url":"https:\/\/june-paris.com\/","name":"June Paris","description":"","publisher":{"@id":"https:\/\/june-paris.com\/#organization"},"potentialAction":[{"@type":"SearchAction","target":{"@type":"EntryPoint","urlTemplate":"https:\/\/june-paris.com\/?s={search_term_string}"},"query-input":{"@type":"PropertyValueSpecification","valueRequired":true,"valueName":"search_term_string"}}],"inLanguage":"en-US"},{"@type":"Organization","@id":"https:\/\/june-paris.com\/#organization","name":"Laugh of the moon","url":"https:\/\/june-paris.com\/","logo":{"@type":"ImageObject","inLanguage":"en-US","@id":"https:\/\/june-paris.com\/#\/schema\/logo\/image\/","url":"https:\/\/june-paris.com\/wp-content\/uploads\/2021\/03\/logofini.png","contentUrl":"https:\/\/june-paris.com\/wp-content\/uploads\/2021\/03\/logofini.png","width":250,"height":48,"caption":"Laugh of the moon"},"image":{"@id":"https:\/\/june-paris.com\/#\/schema\/logo\/image\/"}},{"@type":"Person","@id":"https:\/\/june-paris.com\/#\/schema\/person\/840469228fc5441a9084956e918e76a3","name":"Emmy SAURET","image":{"@type":"ImageObject","inLanguage":"en-US","@id":"https:\/\/june-paris.com\/#\/schema\/person\/image\/","url":"https:\/\/secure.gravatar.com\/avatar\/0c0ac93c30be669b7243224eb448ab9e8bcad31d3b98efd4701a29906179b04f?s=96&d=mm&r=g","contentUrl":"https:\/\/secure.gravatar.com\/avatar\/0c0ac93c30be669b7243224eb448ab9e8bcad31d3b98efd4701a29906179b04f?s=96&d=mm&r=g","caption":"Emmy SAURET"}}]}},"_links":{"self":[{"href":"https:\/\/june-paris.com\/en\/wp-json\/wp\/v2\/posts\/1206","targetHints":{"allow":["GET"]}}],"collection":[{"href":"https:\/\/june-paris.com\/en\/wp-json\/wp\/v2\/posts"}],"about":[{"href":"https:\/\/june-paris.com\/en\/wp-json\/wp\/v2\/types\/post"}],"author":[{"embeddable":true,"href":"https:\/\/june-paris.com\/en\/wp-json\/wp\/v2\/users\/52"}],"replies":[{"embeddable":true,"href":"https:\/\/june-paris.com\/en\/wp-json\/wp\/v2\/comments?post=1206"}],"version-history":[{"count":0,"href":"https:\/\/june-paris.com\/en\/wp-json\/wp\/v2\/posts\/1206\/revisions"}],"wp:featuredmedia":[{"embeddable":true,"href":"https:\/\/june-paris.com\/en\/wp-json\/wp\/v2\/media\/1207"}],"wp:attachment":[{"href":"https:\/\/june-paris.com\/en\/wp-json\/wp\/v2\/media?parent=1206"}],"wp:term":[{"taxonomy":"category","embeddable":true,"href":"https:\/\/june-paris.com\/en\/wp-json\/wp\/v2\/categories?post=1206"},{"taxonomy":"post_tag","embeddable":true,"href":"https:\/\/june-paris.com\/en\/wp-json\/wp\/v2\/tags?post=1206"}],"curies":[{"name":"wp","href":"https:\/\/api.w.org\/{rel}","templated":true}]}}